{"id":10050,"date":"2026-09-01T11:42:13","date_gmt":"2026-09-01T09:42:13","guid":{"rendered":"https:\/\/visitedemarseille.com\/visite\/?p=10050"},"modified":"2026-09-01T11:44:34","modified_gmt":"2026-09-01T09:44:34","slug":"conference-marseille-jeudi-3-septembre-2026-a-15h_la-comerie","status":"publish","type":"post","link":"https:\/\/visitedemarseille.com\/visite\/conference-marseille-jeudi-3-septembre-2026-a-15h_la-comerie\/","title":{"rendered":"[INVITATION GRATUITE] Conf\u00e9rence Joyeuse \u00ab\u00a0Marseille en peinture\u00a0\u00bb \u00e0 la C\u00f4merie"},"content":{"rendered":"\n<p class=\"wp-block-paragraph\"><em>Jeudi 3 Septembre \u00e0 15h, la conf\u00e9rence dure 1 heure.<\/em> <\/p>\n\n\n\n<p class=\"wp-block-paragraph\">La C\u00f4merie, 174 rue Breteuil, 13006 Marseille.<\/p>\n\n\n\n<p class=\"wp-block-paragraph\">Chers voisins et amis,<\/p>\n\n\n\n<p class=\"wp-block-paragraph\">J&rsquo;aurai plaisir \u00e0 vous retrouver cette semaine, pour <strong>vous parler en toute intimit\u00e9 de notre belle ville.<\/strong> <strong>Nous (re)d\u00e9couvrirons ensemble des paysages, des lieux et des artistes qui lui on tir\u00e9 le portrait. <\/strong>Je vous raconterai aussi comment le grand soleil du midi a permis au mouvement moderniste de voir le jour. Van Gogh, C\u00e9zanne et d&rsquo;autres moins connus nous accompagnerons dans le diaporama. Et s&rsquo;il est une chose certaine, c&rsquo;est que je vous livrerai beaucoup d&rsquo;anecdotes qui vous amuseront. Elles vous donneront peut-\u00eatre l&rsquo;envie de revenir me voir 1 fois par mois, \u00e0 la La C\u00f4merie!<br>N&rsquo;h\u00e9sitez pas \u00e0 me contacter si vous avez des questions sur cet \u00e9v\u00e8nement. A bient\u00f4t!<\/p>\n\n\n\n<p class=\"wp-block-paragraph\"><em>L\u00e9gende de l&rsquo;oeuvre: Portrait de Jean-Baptiste Olive dans son atelier, Val\u00e8re Bernard, mus\u00e9e des beaux-arts de Marseille. Source: Public domain, via Wikimedia Commons<\/em><\/p>\n\n\n\n<p class=\"wp-block-paragraph\"><\/p>\n","protected":false},"excerpt":{"rendered":"<p>Conf\u00e9rence joyeuse d&rsquo;une heure \u00ab\u00a0Marseille en peinture\u00a0\u00bb \u00e0 la C\u00f4merie, le jeudi 3 septembre \u00e0 15h. Entr\u00e9e libre.<\/p>\n","protected":false},"author":1,"featured_media":10051,"comment_status":"closed","ping_status":"open","sticky":false,"template":"","format":"standard","meta":{"_themeisle_gutenberg_block_has_review":false,"footnotes":""},"categories":[18],"tags":[75,81,80],"class_list":["post-10050","post","type-post","status-publish","format-standard","has-post-thumbnail","hentry","category-actu","tag-conference-marseille","tag-histoire-de-lart","tag-la-comerie"],"yoast_head":"<!-- This site is optimized with the Yoast SEO plugin v28.2 - https:\/\/yoast.com\/product\/yoast-seo-wordpress\/ -->\n<title>[INVITATION GRATUITE] Conf\u00e9rence Joyeuse \u00ab\u00a0Marseille en peinture\u00a0\u00bb \u00e0 la C\u00f4merie - Visite de Marseille<\/title>\n<meta name=\"description\" content=\"Conf\u00e9rence joyeuse d&#039;une heure &quot;Marseille en peinture&quot; \u00e0 la C\u00f4merie, le jeudi 3 septembre \u00e0 15h. Entr\u00e9e libre.\" \/>\n<meta name=\"robots\" content=\"index, follow, max-snippet:-1, max-image-preview:large, max-video-preview:-1\" \/>\n<link rel=\"canonical\" href=\"https:\/\/visitedemarseille.com\/visite\/conference-marseille-jeudi-3-septembre-2026-a-15h_la-comerie\/\" \/>\n<meta property=\"og:locale\" content=\"fr_FR\" \/>\n<meta property=\"og:type\" content=\"article\" \/>\n<meta property=\"og:title\" content=\"[INVITATION GRATUITE] Conf\u00e9rence Joyeuse \u00ab\u00a0Marseille en peinture\u00a0\u00bb \u00e0 la C\u00f4merie - Visite de Marseille\" \/>\n<meta property=\"og:description\" content=\"Conf\u00e9rence joyeuse d&#039;une heure &quot;Marseille en peinture&quot; \u00e0 la C\u00f4merie, le jeudi 3 septembre \u00e0 15h. Entr\u00e9e libre.\" \/>\n<meta property=\"og:url\" content=\"https:\/\/visitedemarseille.com\/visite\/conference-marseille-jeudi-3-septembre-2026-a-15h_la-comerie\/\" \/>\n<meta property=\"og:site_name\" content=\"Visite de Marseille\" \/>\n<meta property=\"article:publisher\" content=\"https:\/\/www.facebook.com\/Visitedemarseille\/\" \/>\n<meta property=\"article:published_time\" content=\"2026-09-01T09:42:13+00:00\" \/>\n<meta property=\"article:modified_time\" content=\"2026-09-01T09:44:34+00:00\" \/>\n<meta property=\"og:image\" content=\"https:\/\/visitedemarseille.com\/visite\/wp-content\/uploads\/2026\/09\/Valere_Bernard_-_Jean-Baptiste_Olive-e1788255485179.jpg\" \/>\n\t<meta property=\"og:image:width\" content=\"1917\" \/>\n\t<meta property=\"og:image:height\" content=\"960\" \/>\n\t<meta property=\"og:image:type\" content=\"image\/jpeg\" \/>\n<meta name=\"author\" content=\"Justine\" \/>\n<meta name=\"twitter:card\" content=\"summary_large_image\" \/>\n<meta name=\"twitter:label1\" content=\"\u00c9crit par\" \/>\n\t<meta name=\"twitter:data1\" content=\"Justine\" \/>\n\t<meta name=\"twitter:label2\" content=\"Dur\u00e9e de lecture estim\u00e9e\" \/>\n\t<meta name=\"twitter:data2\" content=\"1 minute\" \/>\n<script type=\"application\/ld+json\" class=\"yoast-schema-graph\">{\"@context\":\"https:\\\/\\\/schema.org\",\"@graph\":[{\"@type\":\"Article\",\"@id\":\"https:\\\/\\\/visitedemarseille.com\\\/visite\\\/conference-marseille-jeudi-3-septembre-2026-a-15h_la-comerie\\\/#article\",\"isPartOf\":{\"@id\":\"https:\\\/\\\/visitedemarseille.com\\\/visite\\\/conference-marseille-jeudi-3-septembre-2026-a-15h_la-comerie\\\/\"},\"author\":{\"name\":\"Justine\",\"@id\":\"https:\\\/\\\/visitedemarseille.com\\\/visite\\\/#\\\/schema\\\/person\\\/61aa0633222e0c7c87758229d82eb20f\"},\"headline\":\"[INVITATION GRATUITE] Conf\u00e9rence Joyeuse \u00ab\u00a0Marseille en peinture\u00a0\u00bb \u00e0 la C\u00f4merie\",\"datePublished\":\"2026-09-01T09:42:13+00:00\",\"dateModified\":\"2026-09-01T09:44:34+00:00\",\"mainEntityOfPage\":{\"@id\":\"https:\\\/\\\/visitedemarseille.com\\\/visite\\\/conference-marseille-jeudi-3-septembre-2026-a-15h_la-comerie\\\/\"},\"wordCount\":179,\"publisher\":{\"@id\":\"https:\\\/\\\/visitedemarseille.com\\\/visite\\\/#organization\"},\"image\":{\"@id\":\"https:\\\/\\\/visitedemarseille.com\\\/visite\\\/conference-marseille-jeudi-3-septembre-2026-a-15h_la-comerie\\\/#primaryimage\"},\"thumbnailUrl\":\"https:\\\/\\\/visitedemarseille.com\\\/visite\\\/wp-content\\\/uploads\\\/2026\\\/09\\\/Valere_Bernard_-_Jean-Baptiste_Olive-e1788255485179.jpg\",\"keywords\":[\"conf\u00e9rence Marseille\",\"histoire de l'art\",\"la C\u00f4merie\"],\"articleSection\":[\"Actu\"],\"inLanguage\":\"fr-FR\"},{\"@type\":\"WebPage\",\"@id\":\"https:\\\/\\\/visitedemarseille.com\\\/visite\\\/conference-marseille-jeudi-3-septembre-2026-a-15h_la-comerie\\\/\",\"url\":\"https:\\\/\\\/visitedemarseille.com\\\/visite\\\/conference-marseille-jeudi-3-septembre-2026-a-15h_la-comerie\\\/\",\"name\":\"[INVITATION GRATUITE] Conf\u00e9rence Joyeuse \u00ab\u00a0Marseille en peinture\u00a0\u00bb \u00e0 la C\u00f4merie - Visite de Marseille\",\"isPartOf\":{\"@id\":\"https:\\\/\\\/visitedemarseille.com\\\/visite\\\/#website\"},\"primaryImageOfPage\":{\"@id\":\"https:\\\/\\\/visitedemarseille.com\\\/visite\\\/conference-marseille-jeudi-3-septembre-2026-a-15h_la-comerie\\\/#primaryimage\"},\"image\":{\"@id\":\"https:\\\/\\\/visitedemarseille.com\\\/visite\\\/conference-marseille-jeudi-3-septembre-2026-a-15h_la-comerie\\\/#primaryimage\"},\"thumbnailUrl\":\"https:\\\/\\\/visitedemarseille.com\\\/visite\\\/wp-content\\\/uploads\\\/2026\\\/09\\\/Valere_Bernard_-_Jean-Baptiste_Olive-e1788255485179.jpg\",\"datePublished\":\"2026-09-01T09:42:13+00:00\",\"dateModified\":\"2026-09-01T09:44:34+00:00\",\"description\":\"Conf\u00e9rence joyeuse d'une heure \\\"Marseille en peinture\\\" \u00e0 la C\u00f4merie, le jeudi 3 septembre \u00e0 15h. Entr\u00e9e libre.\",\"breadcrumb\":{\"@id\":\"https:\\\/\\\/visitedemarseille.com\\\/visite\\\/conference-marseille-jeudi-3-septembre-2026-a-15h_la-comerie\\\/#breadcrumb\"},\"inLanguage\":\"fr-FR\",\"potentialAction\":[{\"@type\":\"ReadAction\",\"target\":[\"https:\\\/\\\/visitedemarseille.com\\\/visite\\\/conference-marseille-jeudi-3-septembre-2026-a-15h_la-comerie\\\/\"]}]},{\"@type\":\"ImageObject\",\"inLanguage\":\"fr-FR\",\"@id\":\"https:\\\/\\\/visitedemarseille.com\\\/visite\\\/conference-marseille-jeudi-3-septembre-2026-a-15h_la-comerie\\\/#primaryimage\",\"url\":\"https:\\\/\\\/visitedemarseille.com\\\/visite\\\/wp-content\\\/uploads\\\/2026\\\/09\\\/Valere_Bernard_-_Jean-Baptiste_Olive-e1788255485179.jpg\",\"contentUrl\":\"https:\\\/\\\/visitedemarseille.com\\\/visite\\\/wp-content\\\/uploads\\\/2026\\\/09\\\/Valere_Bernard_-_Jean-Baptiste_Olive-e1788255485179.jpg\",\"width\":1917,\"height\":960,\"caption\":\"Val\u00e8re Bernard, Public domain, via Wikimedia Commons\"},{\"@type\":\"BreadcrumbList\",\"@id\":\"https:\\\/\\\/visitedemarseille.com\\\/visite\\\/conference-marseille-jeudi-3-septembre-2026-a-15h_la-comerie\\\/#breadcrumb\",\"itemListElement\":[{\"@type\":\"ListItem\",\"position\":1,\"name\":\"Accueil\",\"item\":\"https:\\\/\\\/visitedemarseille.com\\\/visite\\\/\"},{\"@type\":\"ListItem\",\"position\":2,\"name\":\"Actu\",\"item\":\"https:\\\/\\\/visitedemarseille.com\\\/visite\\\/actu\\\/\"},{\"@type\":\"ListItem\",\"position\":3,\"name\":\"[INVITATION GRATUITE] Conf\u00e9rence Joyeuse \u00ab\u00a0Marseille en peinture\u00a0\u00bb \u00e0 la C\u00f4merie\"}]},{\"@type\":\"WebSite\",\"@id\":\"https:\\\/\\\/visitedemarseille.com\\\/visite\\\/#website\",\"url\":\"https:\\\/\\\/visitedemarseille.com\\\/visite\\\/\",\"name\":\"Visite de Marseille\",\"description\":\"Visites scolaires | Conf\u00e9rences Marseillaises |  Animations seniors\",\"publisher\":{\"@id\":\"https:\\\/\\\/visitedemarseille.com\\\/visite\\\/#organization\"},\"potentialAction\":[{\"@type\":\"SearchAction\",\"target\":{\"@type\":\"EntryPoint\",\"urlTemplate\":\"https:\\\/\\\/visitedemarseille.com\\\/visite\\\/?s={search_term_string}\"},\"query-input\":{\"@type\":\"PropertyValueSpecification\",\"valueRequired\":true,\"valueName\":\"search_term_string\"}}],\"inLanguage\":\"fr-FR\"},{\"@type\":\"Organization\",\"@id\":\"https:\\\/\\\/visitedemarseille.com\\\/visite\\\/#organization\",\"name\":\"Visite de Marseille\",\"url\":\"https:\\\/\\\/visitedemarseille.com\\\/visite\\\/\",\"logo\":{\"@type\":\"ImageObject\",\"inLanguage\":\"fr-FR\",\"@id\":\"https:\\\/\\\/visitedemarseille.com\\\/visite\\\/#\\\/schema\\\/logo\\\/image\\\/\",\"url\":\"https:\\\/\\\/visitedemarseille.com\\\/visite\\\/wp-content\\\/uploads\\\/2022\\\/10\\\/3.png\",\"contentUrl\":\"https:\\\/\\\/visitedemarseille.com\\\/visite\\\/wp-content\\\/uploads\\\/2022\\\/10\\\/3.png\",\"width\":1200,\"height\":600,\"caption\":\"Visite de Marseille\"},\"image\":{\"@id\":\"https:\\\/\\\/visitedemarseille.com\\\/visite\\\/#\\\/schema\\\/logo\\\/image\\\/\"},\"sameAs\":[\"https:\\\/\\\/www.facebook.com\\\/Visitedemarseille\\\/\"]},{\"@type\":\"Person\",\"@id\":\"https:\\\/\\\/visitedemarseille.com\\\/visite\\\/#\\\/schema\\\/person\\\/61aa0633222e0c7c87758229d82eb20f\",\"name\":\"Justine\",\"image\":{\"@type\":\"ImageObject\",\"inLanguage\":\"fr-FR\",\"@id\":\"https:\\\/\\\/secure.gravatar.com\\\/avatar\\\/9c9a8e487433620726d359a1f0668ccf01ea4d76fcc8e396c6d03a9a39d838b4?s=96&d=mm&r=g\",\"url\":\"https:\\\/\\\/secure.gravatar.com\\\/avatar\\\/9c9a8e487433620726d359a1f0668ccf01ea4d76fcc8e396c6d03a9a39d838b4?s=96&d=mm&r=g\",\"contentUrl\":\"https:\\\/\\\/secure.gravatar.com\\\/avatar\\\/9c9a8e487433620726d359a1f0668ccf01ea4d76fcc8e396c6d03a9a39d838b4?s=96&d=mm&r=g\",\"caption\":\"Justine\"}}]}<\/script>\n<!-- \/ Yoast SEO plugin. -->","yoast_head_json":{"title":"[INVITATION GRATUITE] Conf\u00e9rence Joyeuse \u00ab\u00a0Marseille en peinture\u00a0\u00bb \u00e0 la C\u00f4merie - Visite de Marseille","description":"Conf\u00e9rence joyeuse d'une heure \"Marseille en peinture\" \u00e0 la C\u00f4merie, le jeudi 3 septembre \u00e0 15h. Entr\u00e9e libre.","robots":{"index":"index","follow":"follow","max-snippet":"max-snippet:-1","max-image-preview":"max-image-preview:large","max-video-preview":"max-video-preview:-1"},"canonical":"https:\/\/visitedemarseille.com\/visite\/conference-marseille-jeudi-3-septembre-2026-a-15h_la-comerie\/","og_locale":"fr_FR","og_type":"article","og_title":"[INVITATION GRATUITE] Conf\u00e9rence Joyeuse \u00ab\u00a0Marseille en peinture\u00a0\u00bb \u00e0 la C\u00f4merie - Visite de Marseille","og_description":"Conf\u00e9rence joyeuse d'une heure \"Marseille en peinture\" \u00e0 la C\u00f4merie, le jeudi 3 septembre \u00e0 15h. Entr\u00e9e libre.","og_url":"https:\/\/visitedemarseille.com\/visite\/conference-marseille-jeudi-3-septembre-2026-a-15h_la-comerie\/","og_site_name":"Visite de Marseille","article_publisher":"https:\/\/www.facebook.com\/Visitedemarseille\/","article_published_time":"2026-09-01T09:42:13+00:00","article_modified_time":"2026-09-01T09:44:34+00:00","og_image":[{"width":1917,"height":960,"url":"https:\/\/visitedemarseille.com\/visite\/wp-content\/uploads\/2026\/09\/Valere_Bernard_-_Jean-Baptiste_Olive-e1788255485179.jpg","type":"image\/jpeg"}],"author":"Justine","twitter_card":"summary_large_image","twitter_misc":{"\u00c9crit par":"Justine","Dur\u00e9e de lecture estim\u00e9e":"1 minute"},"schema":{"@context":"https:\/\/schema.org","@graph":[{"@type":"Article","@id":"https:\/\/visitedemarseille.com\/visite\/conference-marseille-jeudi-3-septembre-2026-a-15h_la-comerie\/#article","isPartOf":{"@id":"https:\/\/visitedemarseille.com\/visite\/conference-marseille-jeudi-3-septembre-2026-a-15h_la-comerie\/"},"author":{"name":"Justine","@id":"https:\/\/visitedemarseille.com\/visite\/#\/schema\/person\/61aa0633222e0c7c87758229d82eb20f"},"headline":"[INVITATION GRATUITE] Conf\u00e9rence Joyeuse \u00ab\u00a0Marseille en peinture\u00a0\u00bb \u00e0 la C\u00f4merie","datePublished":"2026-09-01T09:42:13+00:00","dateModified":"2026-09-01T09:44:34+00:00","mainEntityOfPage":{"@id":"https:\/\/visitedemarseille.com\/visite\/conference-marseille-jeudi-3-septembre-2026-a-15h_la-comerie\/"},"wordCount":179,"publisher":{"@id":"https:\/\/visitedemarseille.com\/visite\/#organization"},"image":{"@id":"https:\/\/visitedemarseille.com\/visite\/conference-marseille-jeudi-3-septembre-2026-a-15h_la-comerie\/#primaryimage"},"thumbnailUrl":"https:\/\/visitedemarseille.com\/visite\/wp-content\/uploads\/2026\/09\/Valere_Bernard_-_Jean-Baptiste_Olive-e1788255485179.jpg","keywords":["conf\u00e9rence Marseille","histoire de l'art","la C\u00f4merie"],"articleSection":["Actu"],"inLanguage":"fr-FR"},{"@type":"WebPage","@id":"https:\/\/visitedemarseille.com\/visite\/conference-marseille-jeudi-3-septembre-2026-a-15h_la-comerie\/","url":"https:\/\/visitedemarseille.com\/visite\/conference-marseille-jeudi-3-septembre-2026-a-15h_la-comerie\/","name":"[INVITATION GRATUITE] Conf\u00e9rence Joyeuse \u00ab\u00a0Marseille en peinture\u00a0\u00bb \u00e0 la C\u00f4merie - Visite de Marseille","isPartOf":{"@id":"https:\/\/visitedemarseille.com\/visite\/#website"},"primaryImageOfPage":{"@id":"https:\/\/visitedemarseille.com\/visite\/conference-marseille-jeudi-3-septembre-2026-a-15h_la-comerie\/#primaryimage"},"image":{"@id":"https:\/\/visitedemarseille.com\/visite\/conference-marseille-jeudi-3-septembre-2026-a-15h_la-comerie\/#primaryimage"},"thumbnailUrl":"https:\/\/visitedemarseille.com\/visite\/wp-content\/uploads\/2026\/09\/Valere_Bernard_-_Jean-Baptiste_Olive-e1788255485179.jpg","datePublished":"2026-09-01T09:42:13+00:00","dateModified":"2026-09-01T09:44:34+00:00","description":"Conf\u00e9rence joyeuse d'une heure \"Marseille en peinture\" \u00e0 la C\u00f4merie, le jeudi 3 septembre \u00e0 15h. Entr\u00e9e libre.","breadcrumb":{"@id":"https:\/\/visitedemarseille.com\/visite\/conference-marseille-jeudi-3-septembre-2026-a-15h_la-comerie\/#breadcrumb"},"inLanguage":"fr-FR","potentialAction":[{"@type":"ReadAction","target":["https:\/\/visitedemarseille.com\/visite\/conference-marseille-jeudi-3-septembre-2026-a-15h_la-comerie\/"]}]},{"@type":"ImageObject","inLanguage":"fr-FR","@id":"https:\/\/visitedemarseille.com\/visite\/conference-marseille-jeudi-3-septembre-2026-a-15h_la-comerie\/#primaryimage","url":"https:\/\/visitedemarseille.com\/visite\/wp-content\/uploads\/2026\/09\/Valere_Bernard_-_Jean-Baptiste_Olive-e1788255485179.jpg","contentUrl":"https:\/\/visitedemarseille.com\/visite\/wp-content\/uploads\/2026\/09\/Valere_Bernard_-_Jean-Baptiste_Olive-e1788255485179.jpg","width":1917,"height":960,"caption":"Val\u00e8re Bernard, Public domain, via Wikimedia Commons"},{"@type":"BreadcrumbList","@id":"https:\/\/visitedemarseille.com\/visite\/conference-marseille-jeudi-3-septembre-2026-a-15h_la-comerie\/#breadcrumb","itemListElement":[{"@type":"ListItem","position":1,"name":"Accueil","item":"https:\/\/visitedemarseille.com\/visite\/"},{"@type":"ListItem","position":2,"name":"Actu","item":"https:\/\/visitedemarseille.com\/visite\/actu\/"},{"@type":"ListItem","position":3,"name":"[INVITATION GRATUITE] Conf\u00e9rence Joyeuse \u00ab\u00a0Marseille en peinture\u00a0\u00bb \u00e0 la C\u00f4merie"}]},{"@type":"WebSite","@id":"https:\/\/visitedemarseille.com\/visite\/#website","url":"https:\/\/visitedemarseille.com\/visite\/","name":"Visite de Marseille","description":"Visites scolaires | Conf\u00e9rences Marseillaises |  Animations seniors","publisher":{"@id":"https:\/\/visitedemarseille.com\/visite\/#organization"},"potentialAction":[{"@type":"SearchAction","target":{"@type":"EntryPoint","urlTemplate":"https:\/\/visitedemarseille.com\/visite\/?s={search_term_string}"},"query-input":{"@type":"PropertyValueSpecification","valueRequired":true,"valueName":"search_term_string"}}],"inLanguage":"fr-FR"},{"@type":"Organization","@id":"https:\/\/visitedemarseille.com\/visite\/#organization","name":"Visite de Marseille","url":"https:\/\/visitedemarseille.com\/visite\/","logo":{"@type":"ImageObject","inLanguage":"fr-FR","@id":"https:\/\/visitedemarseille.com\/visite\/#\/schema\/logo\/image\/","url":"https:\/\/visitedemarseille.com\/visite\/wp-content\/uploads\/2022\/10\/3.png","contentUrl":"https:\/\/visitedemarseille.com\/visite\/wp-content\/uploads\/2022\/10\/3.png","width":1200,"height":600,"caption":"Visite de Marseille"},"image":{"@id":"https:\/\/visitedemarseille.com\/visite\/#\/schema\/logo\/image\/"},"sameAs":["https:\/\/www.facebook.com\/Visitedemarseille\/"]},{"@type":"Person","@id":"https:\/\/visitedemarseille.com\/visite\/#\/schema\/person\/61aa0633222e0c7c87758229d82eb20f","name":"Justine","image":{"@type":"ImageObject","inLanguage":"fr-FR","@id":"https:\/\/secure.gravatar.com\/avatar\/9c9a8e487433620726d359a1f0668ccf01ea4d76fcc8e396c6d03a9a39d838b4?s=96&d=mm&r=g","url":"https:\/\/secure.gravatar.com\/avatar\/9c9a8e487433620726d359a1f0668ccf01ea4d76fcc8e396c6d03a9a39d838b4?s=96&d=mm&r=g","contentUrl":"https:\/\/secure.gravatar.com\/avatar\/9c9a8e487433620726d359a1f0668ccf01ea4d76fcc8e396c6d03a9a39d838b4?s=96&d=mm&r=g","caption":"Justine"}}]}},"_links":{"self":[{"href":"https:\/\/visitedemarseille.com\/visite\/wp-json\/wp\/v2\/posts\/10050","targetHints":{"allow":["GET"]}}],"collection":[{"href":"https:\/\/visitedemarseille.com\/visite\/wp-json\/wp\/v2\/posts"}],"about":[{"href":"https:\/\/visitedemarseille.com\/visite\/wp-json\/wp\/v2\/types\/post"}],"author":[{"embeddable":true,"href":"https:\/\/visitedemarseille.com\/visite\/wp-json\/wp\/v2\/users\/1"}],"replies":[{"embeddable":true,"href":"https:\/\/visitedemarseille.com\/visite\/wp-json\/wp\/v2\/comments?post=10050"}],"version-history":[{"count":4,"href":"https:\/\/visitedemarseille.com\/visite\/wp-json\/wp\/v2\/posts\/10050\/revisions"}],"predecessor-version":[{"id":10056,"href":"https:\/\/visitedemarseille.com\/visite\/wp-json\/wp\/v2\/posts\/10050\/revisions\/10056"}],"wp:featuredmedia":[{"embeddable":true,"href":"https:\/\/visitedemarseille.com\/visite\/wp-json\/wp\/v2\/media\/10051"}],"wp:attachment":[{"href":"https:\/\/visitedemarseille.com\/visite\/wp-json\/wp\/v2\/media?parent=10050"}],"wp:term":[{"taxonomy":"category","embeddable":true,"href":"https:\/\/visitedemarseille.com\/visite\/wp-json\/wp\/v2\/categories?post=10050"},{"taxonomy":"post_tag","embeddable":true,"href":"https:\/\/visitedemarseille.com\/visite\/wp-json\/wp\/v2\/tags?post=10050"}],"curies":[{"name":"wp","href":"https:\/\/api.w.org\/{rel}","templated":true}]}}